{"id":114,"date":"2015-07-31T18:14:34","date_gmt":"2015-07-31T16:14:34","guid":{"rendered":"http:\/\/test.folkeboot-pauline.de\/?p=114"},"modified":"2015-07-31T18:14:34","modified_gmt":"2015-07-31T16:14:34","slug":"zurueck-nach-deutschland","status":"publish","type":"post","link":"https:\/\/folkeboot-pauline.de\/?p=114","title":{"rendered":"Zur\u00fcck nach Deutschland"},"content":{"rendered":"<p>Wenn die d\u00e4nische Gastlandflagge niedergeholt wird, dann senkt sich leider meist zeitgleich auch das Urlaubsgef\u00fchl. Immerhin hatten wir heute eine sch\u00f6ne \u00dcberfahrt &#8211; gem\u00fctlich mit 20kn Wind von Achtern, und nur unter Fock &#8211; von Sonderburg nach Maasholm. Den kurzzeitig sichtbaren blauen Himmel habe ich gleich fotografiert. Sp\u00e4ter dann wieder das gewohnte grau von Wasser und Wolken.<\/p>\n<p><a href=\"https:\/\/folkeboot-pauline.de\/wp-content\/uploads\/2015\/07\/2015-07-31-18.02.37.jpg\"><img loading=\"lazy\" decoding=\"async\" class=\"alignnone size-full wp-image-115\" src=\"https:\/\/folkeboot-pauline.de\/wp-content\/uploads\/2015\/07\/2015-07-31-18.02.37.jpg\" alt=\"2015-07-31 18.02.37\" width=\"941\" height=\"530\" srcset=\"https:\/\/folkeboot-pauline.de\/wp-content\/uploads\/2015\/07\/2015-07-31-18.02.37.jpg 941w, https:\/\/folkeboot-pauline.de\/wp-content\/uploads\/2015\/07\/2015-07-31-18.02.37-300x169.jpg 300w\" sizes=\"auto, (max-width: 941px) 100vw, 941px\" \/><\/a><\/p>\n<p><a href=\"https:\/\/folkeboot-pauline.de\/wp-content\/uploads\/2015\/07\/2015-07-31-18.04.32.jpg\"><img loading=\"lazy\" decoding=\"async\" class=\"alignnone size-full wp-image-116\" src=\"https:\/\/folkeboot-pauline.de\/wp-content\/uploads\/2015\/07\/2015-07-31-18.04.32.jpg\" alt=\"2015-07-31 18.04.32\" width=\"941\" height=\"530\" srcset=\"https:\/\/folkeboot-pauline.de\/wp-content\/uploads\/2015\/07\/2015-07-31-18.04.32.jpg 941w, https:\/\/folkeboot-pauline.de\/wp-content\/uploads\/2015\/07\/2015-07-31-18.04.32-300x169.jpg 300w\" sizes=\"auto, (max-width: 941px) 100vw, 941px\" \/><\/a><\/p>\n<p><a href=\"https:\/\/folkeboot-pauline.de\/wp-content\/uploads\/2015\/07\/2015-07-31-18.03.37.jpg\"><img loading=\"lazy\" decoding=\"async\" class=\"alignnone size-full wp-image-117\" src=\"https:\/\/folkeboot-pauline.de\/wp-content\/uploads\/2015\/07\/2015-07-31-18.03.37.jpg\" alt=\"2015-07-31 18.03.37\" width=\"941\" height=\"530\" srcset=\"https:\/\/folkeboot-pauline.de\/wp-content\/uploads\/2015\/07\/2015-07-31-18.03.37.jpg 941w, https:\/\/folkeboot-pauline.de\/wp-content\/uploads\/2015\/07\/2015-07-31-18.03.37-300x169.jpg 300w\" sizes=\"auto, (max-width: 941px) 100vw, 941px\" \/><\/a><\/p>\n","protected":false},"excerpt":{"rendered":"<p>Wenn die d\u00e4nische Gastlandflagge niedergeholt wird, dann senkt sich leider meist zeitgleich auch das Urlaubsgef\u00fchl. Immerhin hatten wir heute eine sch\u00f6ne \u00dcberfahrt &#8211; gem\u00fctlich mit 20kn Wind von Achtern, und nur unter Fock &#8211; von Sonderburg nach Maasholm. Den kurzzeitig sichtbaren blauen Himmel habe ich gleich fotografiert. Sp\u00e4ter dann wieder das gewohnte grau von Wasser &hellip; <a href=\"https:\/\/folkeboot-pauline.de\/?p=114\" class=\"more-link\"><span class=\"screen-reader-text\">Zur\u00fcck nach Deutschland<\/span> weiterlesen<\/a><\/p>\n","protected":false},"author":1,"featured_media":0,"comment_status":"open","ping_status":"open","sticky":false,"template":"","format":"standard","meta":{"_exactmetrics_skip_tracking":false,"_exactmetrics_sitenote_active":false,"_exactmetrics_sitenote_note":"","_exactmetrics_sitenote_category":0,"footnotes":""},"categories":[4],"tags":[],"class_list":["post-114","post","type-post","status-publish","format-standard","hentry","category-unter-segeln"],"_links":{"self":[{"href":"https:\/\/folkeboot-pauline.de\/index.php?rest_route=\/wp\/v2\/posts\/114","targetHints":{"allow":["GET"]}}],"collection":[{"href":"https:\/\/folkeboot-pauline.de\/index.php?rest_route=\/wp\/v2\/posts"}],"about":[{"href":"https:\/\/folkeboot-pauline.de\/index.php?rest_route=\/wp\/v2\/types\/post"}],"author":[{"embeddable":true,"href":"https:\/\/folkeboot-pauline.de\/index.php?rest_route=\/wp\/v2\/users\/1"}],"replies":[{"embeddable":true,"href":"https:\/\/folkeboot-pauline.de\/index.php?rest_route=%2Fwp%2Fv2%2Fcomments&post=114"}],"version-history":[{"count":1,"href":"https:\/\/folkeboot-pauline.de\/index.php?rest_route=\/wp\/v2\/posts\/114\/revisions"}],"predecessor-version":[{"id":118,"href":"https:\/\/folkeboot-pauline.de\/index.php?rest_route=\/wp\/v2\/posts\/114\/revisions\/118"}],"wp:attachment":[{"href":"https:\/\/folkeboot-pauline.de\/index.php?rest_route=%2Fwp%2Fv2%2Fmedia&parent=114"}],"wp:term":[{"taxonomy":"category","embeddable":true,"href":"https:\/\/folkeboot-pauline.de\/index.php?rest_route=%2Fwp%2Fv2%2Fcategories&post=114"},{"taxonomy":"post_tag","embeddable":true,"href":"https:\/\/folkeboot-pauline.de\/index.php?rest_route=%2Fwp%2Fv2%2Ftags&post=114"}],"curies":[{"name":"wp","href":"https:\/\/api.w.org\/{rel}","templated":true}]}}